{"id":3272,"date":"2022-10-14T11:40:22","date_gmt":"2022-10-14T09:40:22","guid":{"rendered":"https:\/\/www.emotionnetwork.eu\/relive-the-first-edition-of-tech-emotion-summit\/"},"modified":"2022-11-02T15:48:25","modified_gmt":"2022-11-02T14:48:25","slug":"rivivi-la-prima-edizione-del-summit-tech-emotion","status":"publish","type":"post","link":"http:\/\/www.emotionnetwork.eu\/it\/rivivi-la-prima-edizione-del-summit-tech-emotion\/","title":{"rendered":"Rivivi la prima edizione del summit TECH.EMOTION"},"content":{"rendered":"<p>Insieme al Corriere della Sera e a molti partner prestigiosi, il 21 e 22 giugno 2022 abbiamo organizzato TECH.EMOTION, il primo summit internazionale che unisce tecnologia ed emozioni, innovazione e umanesimo.<\/p>\n<p>I due giorni di interventi e tavole rotonde hanno riunito a Milano pi\u00f9 di 400 persone, oltre a raggiungere 4,9 milioni di persone attraverso la diretta streaming sul Corriere della Sera e 1,9 milioni di persone attraverso le trasmissioni di Sky TG 24.<\/p>\n<p>Un risultato straordinario raggiunto anche grazie al sostegno dei nostri partner: Banca Generali, Enel, Prada Group, Brunello Cucinelli, Cassina, Leone Film Group, Nhood, Novartis, BlackRock, Milano Investment Partners SGR, Sky TG24, The Vision, Barabino &#038; Partners.<\/p>\n<p>Tra gli speaker che hanno partecipato, Marc Benioff (Founder, Chairman e CEO di Salesforce), Lorenzo Bertelli (Prada Marketing Director), Amanda Burden (Principal di Bloomberg Associates), Silvia Candiani (Country Manager di Microsoft Italia), Ernesto Ciorra (Chief Innovability\u00ae Officer di Enel Group), Brunello Cucinelli, Oscar Farinetti (Fondatore di Eataly), Andrea Guerra, Philipp Hildebrand (Vice Chairman di BlackRock), l\u2019architetto Andreas Kipar, Kevin Mayer (ex Disney ed ex CEO Tik Tok, ora Chairman di DAZN), Gianmaria Mossa (CEO di Banca Generali), Jos\u00e8 Neves (Founder di Farfetch), Bj\u00f6rn \u00d6ste (Founder Oatly), Corrado Passera (fondatore di illimity), Enrico Resmini (CEO di CDP Venture Capital), Alec Ross, Cristina Scocchia (CEO di Illy), la Presidentessa della RAI Marinella Soldi, il designer Philippe Starck, il fondatore di Nextdoor Nirav Tolia e l\u2019architetta e designer Patricia Urquiola.<\/p>\n<p>Siamo molto felici di essere riusciti ad interessare con il nostro primo summit un\u2019ampia platea on line e in presenza parlando di imprenditoria, investimenti, design, media, moda, agrifood, biotecnologie, urbanismo e startup attraverso la visione di personaggi di altissimo livello e continueremo a portare avanti iniziative che mettano in luce il grande potenziale dell\u2019Italia e della sue eccellenze. <\/p>\n<p>Scopri video, foto e rassegna stampa digitale del summit TECH.EMOTION al link: <a href=\"https:\/\/www.emotionnetwork.eu\/it\/il-summit\/tech-emotion-2022\/\">www.emotionnetwork.eu\/it\/il-summit\/tech-emotion-2022<\/a><\/p>\n","protected":false},"excerpt":{"rendered":"<p>Insieme al Corriere della Sera e a molti partner prestigiosi, il 21 e 22 giugno 2022 abbiamo organizzato TECH.EMOTION, il primo summit internazionale che unisce tecnologia ed emozioni, innovazione e umanesimo. I due giorni di interventi e tavole rotonde hanno [&hellip;]<\/p>\n","protected":false},"author":1,"featured_media":3155,"comment_status":"closed","ping_status":"open","sticky":false,"template":"","format":"standard","meta":{"inline_featured_image":false,"footnotes":""},"categories":[114,125],"tags":[],"class_list":["post-3272","post","type-post","status-publish","format-standard","has-post-thumbnail","hentry","category-news-it","category-tech-emotion-summit-it"],"yoast_head":"<!-- This site is optimized with the Yoast SEO plugin v27.5 - https:\/\/yoast.com\/product\/yoast-seo-wordpress\/ -->\n<title>Rivivi la prima edizione del summit TECH.EMOTION - Emotion Network<\/title>\n<meta name=\"robots\" content=\"index, follow, max-snippet:-1, max-image-preview:large, max-video-preview:-1\" \/>\n<link rel=\"canonical\" href=\"https:\/\/www.emotionnetwork.eu\/it\/rivivi-la-prima-edizione-del-summit-tech-emotion\/\" \/>\n<meta property=\"og:locale\" content=\"it_IT\" \/>\n<meta property=\"og:type\" content=\"article\" \/>\n<meta property=\"og:title\" content=\"Rivivi la prima edizione del summit TECH.EMOTION - Emotion Network\" \/>\n<meta property=\"og:description\" content=\"Insieme al Corriere della Sera e a molti partner prestigiosi, il 21 e 22 giugno 2022 abbiamo organizzato TECH.EMOTION, il primo summit internazionale che unisce tecnologia ed emozioni, innovazione e umanesimo. I due giorni di interventi e tavole rotonde hanno [&hellip;]\" \/>\n<meta property=\"og:url\" content=\"https:\/\/www.emotionnetwork.eu\/it\/rivivi-la-prima-edizione-del-summit-tech-emotion\/\" \/>\n<meta property=\"og:site_name\" content=\"Emotion Network\" \/>\n<meta property=\"article:published_time\" content=\"2022-10-14T09:40:22+00:00\" \/>\n<meta property=\"article:modified_time\" content=\"2022-11-02T14:48:25+00:00\" \/>\n<meta property=\"og:image\" content=\"https:\/\/www.emotionnetwork.eu\/wp-content\/uploads\/2022\/10\/news.jpg\" \/>\n\t<meta property=\"og:image:width\" content=\"1200\" \/>\n\t<meta property=\"og:image:height\" content=\"800\" \/>\n\t<meta property=\"og:image:type\" content=\"image\/jpeg\" \/>\n<meta name=\"author\" content=\"enadmin\" \/>\n<meta name=\"twitter:card\" content=\"summary_large_image\" \/>\n<meta name=\"twitter:label1\" content=\"Scritto da\" \/>\n\t<meta name=\"twitter:data1\" content=\"enadmin\" \/>\n\t<meta name=\"twitter:label2\" content=\"Tempo di lettura stimato\" \/>\n\t<meta name=\"twitter:data2\" content=\"2 minuti\" \/>\n<!-- \/ Yoast SEO plugin. -->","yoast_head_json":{"title":"Rivivi la prima edizione del summit TECH.EMOTION - Emotion Network","robots":{"index":"index","follow":"follow","max-snippet":"max-snippet:-1","max-image-preview":"max-image-preview:large","max-video-preview":"max-video-preview:-1"},"canonical":"https:\/\/www.emotionnetwork.eu\/it\/rivivi-la-prima-edizione-del-summit-tech-emotion\/","og_locale":"it_IT","og_type":"article","og_title":"Rivivi la prima edizione del summit TECH.EMOTION - Emotion Network","og_description":"Insieme al Corriere della Sera e a molti partner prestigiosi, il 21 e 22 giugno 2022 abbiamo organizzato TECH.EMOTION, il primo summit internazionale che unisce tecnologia ed emozioni, innovazione e umanesimo. I due giorni di interventi e tavole rotonde hanno [&hellip;]","og_url":"https:\/\/www.emotionnetwork.eu\/it\/rivivi-la-prima-edizione-del-summit-tech-emotion\/","og_site_name":"Emotion Network","article_published_time":"2022-10-14T09:40:22+00:00","article_modified_time":"2022-11-02T14:48:25+00:00","og_image":[{"width":1200,"height":800,"url":"https:\/\/www.emotionnetwork.eu\/wp-content\/uploads\/2022\/10\/news.jpg","type":"image\/jpeg"}],"author":"enadmin","twitter_card":"summary_large_image","twitter_misc":{"Scritto da":"enadmin","Tempo di lettura stimato":"2 minuti"},"schema":{"@context":"https:\/\/schema.org","@graph":[{"@type":"Article","@id":"https:\/\/www.emotionnetwork.eu\/it\/rivivi-la-prima-edizione-del-summit-tech-emotion\/#article","isPartOf":{"@id":"https:\/\/www.emotionnetwork.eu\/it\/rivivi-la-prima-edizione-del-summit-tech-emotion\/"},"author":{"name":"enadmin","@id":"https:\/\/www.emotionnetwork.eu\/it\/#\/schema\/person\/5fd6634914c5115d711c10823304423c"},"headline":"Rivivi la prima edizione del summit TECH.EMOTION","datePublished":"2022-10-14T09:40:22+00:00","dateModified":"2022-11-02T14:48:25+00:00","mainEntityOfPage":{"@id":"https:\/\/www.emotionnetwork.eu\/it\/rivivi-la-prima-edizione-del-summit-tech-emotion\/"},"wordCount":320,"image":{"@id":"https:\/\/www.emotionnetwork.eu\/it\/rivivi-la-prima-edizione-del-summit-tech-emotion\/#primaryimage"},"thumbnailUrl":"http:\/\/www.emotionnetwork.eu\/wp-content\/uploads\/2022\/10\/news.jpg","articleSection":["News","TECH.EMOTION summit"],"inLanguage":"it-IT"},{"@type":"WebPage","@id":"https:\/\/www.emotionnetwork.eu\/it\/rivivi-la-prima-edizione-del-summit-tech-emotion\/","url":"https:\/\/www.emotionnetwork.eu\/it\/rivivi-la-prima-edizione-del-summit-tech-emotion\/","name":"Rivivi la prima edizione del summit TECH.EMOTION - Emotion Network","isPartOf":{"@id":"https:\/\/www.emotionnetwork.eu\/it\/#website"},"primaryImageOfPage":{"@id":"https:\/\/www.emotionnetwork.eu\/it\/rivivi-la-prima-edizione-del-summit-tech-emotion\/#primaryimage"},"image":{"@id":"https:\/\/www.emotionnetwork.eu\/it\/rivivi-la-prima-edizione-del-summit-tech-emotion\/#primaryimage"},"thumbnailUrl":"http:\/\/www.emotionnetwork.eu\/wp-content\/uploads\/2022\/10\/news.jpg","datePublished":"2022-10-14T09:40:22+00:00","dateModified":"2022-11-02T14:48:25+00:00","author":{"@id":"https:\/\/www.emotionnetwork.eu\/it\/#\/schema\/person\/5fd6634914c5115d711c10823304423c"},"breadcrumb":{"@id":"https:\/\/www.emotionnetwork.eu\/it\/rivivi-la-prima-edizione-del-summit-tech-emotion\/#breadcrumb"},"inLanguage":"it-IT","potentialAction":[{"@type":"ReadAction","target":["https:\/\/www.emotionnetwork.eu\/it\/rivivi-la-prima-edizione-del-summit-tech-emotion\/"]}]},{"@type":"ImageObject","inLanguage":"it-IT","@id":"https:\/\/www.emotionnetwork.eu\/it\/rivivi-la-prima-edizione-del-summit-tech-emotion\/#primaryimage","url":"http:\/\/www.emotionnetwork.eu\/wp-content\/uploads\/2022\/10\/news.jpg","contentUrl":"http:\/\/www.emotionnetwork.eu\/wp-content\/uploads\/2022\/10\/news.jpg","width":1200,"height":800},{"@type":"BreadcrumbList","@id":"https:\/\/www.emotionnetwork.eu\/it\/rivivi-la-prima-edizione-del-summit-tech-emotion\/#breadcrumb","itemListElement":[{"@type":"ListItem","position":1,"name":"Home","item":"https:\/\/www.emotionnetwork.eu\/it\/"},{"@type":"ListItem","position":2,"name":"Rivivi la prima edizione del summit TECH.EMOTION"}]},{"@type":"WebSite","@id":"https:\/\/www.emotionnetwork.eu\/it\/#website","url":"https:\/\/www.emotionnetwork.eu\/it\/","name":"Emotion Network","description":"","potentialAction":[{"@type":"SearchAction","target":{"@type":"EntryPoint","urlTemplate":"https:\/\/www.emotionnetwork.eu\/it\/?s={search_term_string}"},"query-input":{"@type":"PropertyValueSpecification","valueRequired":true,"valueName":"search_term_string"}}],"inLanguage":"it-IT"},{"@type":"Person","@id":"https:\/\/www.emotionnetwork.eu\/it\/#\/schema\/person\/5fd6634914c5115d711c10823304423c","name":"enadmin","image":{"@type":"ImageObject","inLanguage":"it-IT","@id":"https:\/\/secure.gravatar.com\/avatar\/0ec5f71a9d0763fb496b64bd13902b47f17cea4a47e688bc9c0f47e20f0ccb2e?s=96&d=mm&r=g","url":"https:\/\/secure.gravatar.com\/avatar\/0ec5f71a9d0763fb496b64bd13902b47f17cea4a47e688bc9c0f47e20f0ccb2e?s=96&d=mm&r=g","contentUrl":"https:\/\/secure.gravatar.com\/avatar\/0ec5f71a9d0763fb496b64bd13902b47f17cea4a47e688bc9c0f47e20f0ccb2e?s=96&d=mm&r=g","caption":"enadmin"},"sameAs":["https:\/\/www.emotionnetwork.eu"]}]}},"_links":{"self":[{"href":"http:\/\/www.emotionnetwork.eu\/it\/wp-json\/wp\/v2\/posts\/3272","targetHints":{"allow":["GET"]}}],"collection":[{"href":"http:\/\/www.emotionnetwork.eu\/it\/wp-json\/wp\/v2\/posts"}],"about":[{"href":"http:\/\/www.emotionnetwork.eu\/it\/wp-json\/wp\/v2\/types\/post"}],"author":[{"embeddable":true,"href":"http:\/\/www.emotionnetwork.eu\/it\/wp-json\/wp\/v2\/users\/1"}],"replies":[{"embeddable":true,"href":"http:\/\/www.emotionnetwork.eu\/it\/wp-json\/wp\/v2\/comments?post=3272"}],"version-history":[{"count":1,"href":"http:\/\/www.emotionnetwork.eu\/it\/wp-json\/wp\/v2\/posts\/3272\/revisions"}],"predecessor-version":[{"id":3273,"href":"http:\/\/www.emotionnetwork.eu\/it\/wp-json\/wp\/v2\/posts\/3272\/revisions\/3273"}],"wp:featuredmedia":[{"embeddable":true,"href":"http:\/\/www.emotionnetwork.eu\/it\/wp-json\/wp\/v2\/media\/3155"}],"wp:attachment":[{"href":"http:\/\/www.emotionnetwork.eu\/it\/wp-json\/wp\/v2\/media?parent=3272"}],"wp:term":[{"taxonomy":"category","embeddable":true,"href":"http:\/\/www.emotionnetwork.eu\/it\/wp-json\/wp\/v2\/categories?post=3272"},{"taxonomy":"post_tag","embeddable":true,"href":"http:\/\/www.emotionnetwork.eu\/it\/wp-json\/wp\/v2\/tags?post=3272"}],"curies":[{"name":"wp","href":"https:\/\/api.w.org\/{rel}","templated":true}]}}