{"id":1665,"date":"2021-12-15T09:49:52","date_gmt":"2021-12-15T08:49:52","guid":{"rendered":"https:\/\/www.emotionnetwork.eu\/aperta-internazionale-affamata-di-futuro-linnovazione-che-fa-bene-alla-competitivita-dellitalia-e-delle-sue-imprese\/"},"modified":"2022-01-25T14:17:12","modified_gmt":"2022-01-25T13:17:12","slug":"aperta-internazionale-affamata-di-futuro-linnovazione-che-fa-bene-alla-competitivita-dellitalia-e-delle-sue-imprese","status":"publish","type":"post","link":"http:\/\/www.emotionnetwork.eu\/it\/aperta-internazionale-affamata-di-futuro-linnovazione-che-fa-bene-alla-competitivita-dellitalia-e-delle-sue-imprese\/","title":{"rendered":"Aperta, internazionale, affamata di futuro: l\u2019innovazione che fa bene alla competitivit\u00e0 dell\u2019Italia e delle sue imprese"},"content":{"rendered":"<p>Marted\u00ec 14 dicembre 2021 abbiamo dato il via alle<strong> \u201cTECH.EMOTION lounge\u201d<\/strong>, una serie di conversazioni pensate con l&#8217;intento di <strong>approfondire i temi chiave per l\u2019ecosistema dell\u2019innovazione italiana<\/strong>.<\/p>\n<p>Nel nostro primo appuntamento ci siamo collegati in diretta per parlare di <strong>Open Innovation<\/strong> e di come questa contribuisca a <strong>sbloccare il potenziale di imprese e startup italiane<\/strong>.<\/p>\n<p>Lo abbiamo fatto insieme a <strong>Ernesto Ciorra<\/strong> (Chief Innovability\u00ae Officer di Enel Group), a <strong>Massimo Claudio Comparini<\/strong> e <strong>Maria Antonietta Perino<\/strong> di Thales Alenia Space Italia, a <strong>Silvia Franceschini<\/strong> della startup Fragile, al professore della Scuola Superiore Sant\u2019Anna <strong>Alberto Di Minin<\/strong> e al Presidente dell\u2019Agenzia ICE <strong>Carlo Ferro<\/strong>.<\/p>\n<p>La conversazione guidata da <strong>Andrea Rasoli<\/strong> &#8211; CEO e publisher THE VISION &#8211; ci ha permesso di conoscere pi\u00f9 da vicino il concetto di Open Innovation nonch\u00e9 di incontrare i principali attori che possono applicarlo e favorirlo (dalle aziende alle startup, fino ad arrivare alle universit\u00e0 e alle istituzioni).<\/p>\n<p>\u201c<i>L&#8217;Open Innovation parte da un&#8217;idea abbastanza semplice: che <\/i><strong><i>non tutte le persone giuste per un progetto lavorano nella tua azienda<\/i><\/strong>\u201d ha detto Alberto Di Minin, Professore Ordinario presso l&#8217;Istituto di Management della Scuola Superiore Sant&#8217;Anna di Pisa. \u201c<i>Le competenze giuste possono essere per\u00f2 a disposizione tra i tuoi partner, i tuoi fornitori, i tuoi concorrenti, nel mondo delle startup e delle spin-off accademiche, nei centri di trasferimento delle universit\u00e0<\/i>\u201d.<\/p>\n<p>Di Minin \u00e8 il primo italiano ad aver sentito parlare di Open Innovation direttamente dalla bocca di <strong>Henry Chesbrough<\/strong>, l\u2019economista statunitense che ha coniato il concetto e lo ha cos\u00ec definito: \u00abL&#8217;Innovazione Aperta \u00e8 un paradigma che afferma che le imprese possono e debbono fare ricorso ad idee esterne, cos\u00ec come a quelle interne, ed accedere con percorsi interni ed esterni ai mercati se vogliono progredire nelle loro competenze tecnologiche.\u00bb.<\/p>\n<p>Quella dell\u2019innovazione aperta \u00e8 una teoria che ormai da anni &#8211; e per prima in Italia &#8211; Enel cerca di mettere in pratica tramite la creazione del modello chiamato Innovability\u00ae, basato sul concetto che per essere sostenibili occorre innovare costantemente.\u00a0 \u201c<strong><i>L\u2019Open Innovation \u00e8 la naturale conseguenza dell&#8217;adozione di una sfida planetaria che per primo il nostro amministratore delegato ha portato in Enel<\/i><\/strong><i>\u201d <\/i>ha detto Ernesto Ciorra. \u201c<i>La sfida era ed \u00e8 diventare la pi\u00f9 grande azienda di rinnovabili, la pi\u00f9 grande azienda che abilita la transizione energetica a livello mondiale. E, quando hai una sfida cos\u00ec grande, non puoi pensare di farcela da solo. <\/i><strong><i>Essere aperti e creare un ecosistema che favorisce un grande cambiamento \u00e8 l&#8217;unico modo per garantire quel cambiamento<\/i><\/strong><i>\u201d<\/i>.<\/p>\n<p>Thales Alenia Space Italia e Fragile sono rispettivamente la grande azienda e la startup che hanno colto la sfida di Enel e sono entrate a pieno titolo in quell\u2019ecosistema virtuoso di Open Innovation che si alimenta grazie alle idee, alle competenze e al capitale umano di coloro che scelgono di mettersi in gioco per raggiungere obiettivi sempre pi\u00f9 ambiziosi.<\/p>\n<p>\u201c<strong><i>Nessuna impresa \u00e8 in grado di sostenere da sola tutto il peso dello sviluppo di tecnologie abilitanti.<\/i><\/strong>\u201d, ha detto Massimo Claudio Comparini, Amministratore Delegato di Thales Alenia Space Italia. \u201c<i>Il settore spazio sta davvero evolvendo a velocit\u00e0 incredibili, quindi \u00e8 opportuno e necessario ripensare il nostro modo di sviluppare nuove tecnologie e nuovi servizi<\/i>\u201d, gli ha fatto eco Maria Antonietta Perino, Domain Exploration &amp; Science Italy, Space Economy Exploration &amp; International Network di Thales Alenia Space Italia. \u201c<i>Ci siamo avvicinati da un paio di anni ai colleghi dell&#8217;Enel perch\u00e9 adottiamo strategie di Open Innovation molto simili<\/i>\u201d, ha proseguito Perino. \u201c<i>L\u2019idea \u00e8 quella di <\/i><strong><i>cominciare a sviluppare un&#8217;infrastruttura sulla Luna<\/i><\/strong><i> per ospitare sia attivit\u00e0 automatiche ma anche i primi uomini e donne che torneranno sulla superficie del nostro satellite<\/i>\u201d. Dalla collaborazione tra Enel e Thales Alenia Space Italia si potranno quindi raggiungere <strong>grandi traguardi nel campo della space economy<\/strong> e di quel <a href=\"https:\/\/www.enel.com\/it\/azienda\/storie\/articles\/2021\/04\/enel-space-economy\">\u201crinascimento spaziale\u201d<\/a> che vede le imprese private sempre pi\u00f9 attive.<\/p>\n<p>Dopo uno sguardo all\u2019innovazione che punta allo Spazio, abbiamo conosciuto l\u2019innovazione ancorata alla Terra con Silvia Franceschini, co-founder della startup Fragile. \u201c<i>Siamo tutti geologi applicati e quello che facciamo \u00e8<\/i><strong><i> elaborare i dati dei radar satellitari per andare a individuare le aree soggette a deformazione che impattano gli impianti idroelettrici<\/i><\/strong>\u201d, ha detto Franceschini. \u201c<i>Abbiamo cercato di tagliare le nostre strategie di elaborazione proprio sui <\/i><a href=\"https:\/\/startup.enel.com\/it\/storie\/a202007-fragile-monitoraggio-superficie-terrestre.html\"><i>problemi specifici di Enel<\/i><\/a><i> e questa relazione ci ha permesso di crescere molto, sia da un punto di vista personale che ovviamente tecnico<\/i>\u201d.<\/p>\n<p>Le startup sono tra gli attori principali dell\u2019ecosistema di Open Innovation e come tali vanno supportate e accompagnate, anche nella loro espansione verso mercati esteri. <i>\u201cL\u2019innovazione deve creare <\/i><strong><i>competitivit\u00e0 e specificit\u00e0 dell&#8217;offerta di ciascun singolo sistema Paese<\/i><\/strong><i> e questo tanto pi\u00f9 rapidamente pu\u00f2 crescere quanto pi\u00f9 \u00e8 supportato da un processo di <\/i><strong><i>internazionalizzazione<\/i><\/strong>\u201d, ha detto infatti Carlo Ferro, Presidente dell\u2019Agenzia ICE. \u201c<i>Aiutare le startup significa non solo preparare competenze e soluzioni per il futuro del Paese, ma anche<\/i><strong><i> preparare una classe dirigente del futuro che sappia distinguere e seguire l\u2019innovazione<\/i><\/strong>\u201d.<\/p>\n<p>Un\u2019innovazione che per essere davvero \u201cdistruzione creatrice\u201d deve trovare in prima linea imprese pronte ad \u201c<strong><i>aprire le porte del cuore con umilt\u00e0 e con passione a quelli che stanno fuori<\/i><\/strong>\u201d<strong> e sono \u201c<\/strong><strong><i>affamati di futuro<\/i><\/strong><strong>\u201d<\/strong>, come detto da Ciorra a conclusione della nostra prima \u201cTECH.EMOTION lounge\u201d.<\/p>\n<p>Riguarda la nostra prima \u201cTECH.EMOTION lounge\u201d:<\/p>\n<ul>\n<li><a href=\"https:\/\/www.facebook.com\/watch\/live\/?ref=watch_permalink&amp;v=2945397209123072\"><strong>su Facebook <\/strong>\u00a0<\/a><\/li>\n<li><strong><a href=\"https:\/\/www.linkedin.com\/video\/event\/urn:li:ugcPost:6876173893653078017\/\">su LinkedIn<\/a>\u00a0<\/strong><\/li>\n<\/ul>\n","protected":false},"excerpt":{"rendered":"<p>Marted\u00ec 14 dicembre 2021 abbiamo dato il via alle \u201cTECH.EMOTION lounge\u201d, una serie di conversazioni pensate con l&#8217;intento di approfondire i temi chiave per l\u2019ecosistema dell\u2019innovazione italiana. Nel nostro primo appuntamento ci siamo collegati in diretta per parlare di Open [&hellip;]<\/p>\n","protected":false},"author":1,"featured_media":1524,"comment_status":"closed","ping_status":"open","sticky":false,"template":"","format":"standard","meta":{"inline_featured_image":false,"footnotes":""},"categories":[114,116],"tags":[],"class_list":["post-1665","post","type-post","status-publish","format-standard","has-post-thumbnail","hentry","category-news-it","category-tech-emotion-lounge-it"],"yoast_head":"<!-- This site is optimized with the Yoast SEO plugin v27.5 - https:\/\/yoast.com\/product\/yoast-seo-wordpress\/ -->\n<title>Aperta, internazionale, affamata di futuro: l\u2019innovazione che fa bene alla competitivit\u00e0 dell\u2019Italia e delle sue imprese - Emotion Network<\/title>\n<meta name=\"robots\" content=\"index, follow, max-snippet:-1, max-image-preview:large, max-video-preview:-1\" \/>\n<link rel=\"canonical\" href=\"https:\/\/www.emotionnetwork.eu\/it\/aperta-internazionale-affamata-di-futuro-linnovazione-che-fa-bene-alla-competitivita-dellitalia-e-delle-sue-imprese\/\" \/>\n<meta property=\"og:locale\" content=\"it_IT\" \/>\n<meta property=\"og:type\" content=\"article\" \/>\n<meta property=\"og:title\" content=\"Aperta, internazionale, affamata di futuro: l\u2019innovazione che fa bene alla competitivit\u00e0 dell\u2019Italia e delle sue imprese - Emotion Network\" \/>\n<meta property=\"og:description\" content=\"Marted\u00ec 14 dicembre 2021 abbiamo dato il via alle \u201cTECH.EMOTION lounge\u201d, una serie di conversazioni pensate con l&#8217;intento di approfondire i temi chiave per l\u2019ecosistema dell\u2019innovazione italiana. Nel nostro primo appuntamento ci siamo collegati in diretta per parlare di Open [&hellip;]\" \/>\n<meta property=\"og:url\" content=\"https:\/\/www.emotionnetwork.eu\/it\/aperta-internazionale-affamata-di-futuro-linnovazione-che-fa-bene-alla-competitivita-dellitalia-e-delle-sue-imprese\/\" \/>\n<meta property=\"og:site_name\" content=\"Emotion Network\" \/>\n<meta property=\"article:published_time\" content=\"2021-12-15T08:49:52+00:00\" \/>\n<meta property=\"article:modified_time\" content=\"2022-01-25T13:17:12+00:00\" \/>\n<meta property=\"og:image\" content=\"https:\/\/www.emotionnetwork.eu\/wp-content\/uploads\/2021\/11\/EN_Enel_Blog.jpg\" \/>\n\t<meta property=\"og:image:width\" content=\"1080\" \/>\n\t<meta property=\"og:image:height\" content=\"700\" \/>\n\t<meta property=\"og:image:type\" content=\"image\/jpeg\" \/>\n<meta name=\"author\" content=\"enadmin\" \/>\n<meta name=\"twitter:card\" content=\"summary_large_image\" \/>\n<meta name=\"twitter:label1\" content=\"Scritto da\" \/>\n\t<meta name=\"twitter:data1\" content=\"enadmin\" \/>\n\t<meta name=\"twitter:label2\" content=\"Tempo di lettura stimato\" \/>\n\t<meta name=\"twitter:data2\" content=\"4 minuti\" \/>\n<!-- \/ Yoast SEO plugin. -->","yoast_head_json":{"title":"Aperta, internazionale, affamata di futuro: l\u2019innovazione che fa bene alla competitivit\u00e0 dell\u2019Italia e delle sue imprese - Emotion Network","robots":{"index":"index","follow":"follow","max-snippet":"max-snippet:-1","max-image-preview":"max-image-preview:large","max-video-preview":"max-video-preview:-1"},"canonical":"https:\/\/www.emotionnetwork.eu\/it\/aperta-internazionale-affamata-di-futuro-linnovazione-che-fa-bene-alla-competitivita-dellitalia-e-delle-sue-imprese\/","og_locale":"it_IT","og_type":"article","og_title":"Aperta, internazionale, affamata di futuro: l\u2019innovazione che fa bene alla competitivit\u00e0 dell\u2019Italia e delle sue imprese - Emotion Network","og_description":"Marted\u00ec 14 dicembre 2021 abbiamo dato il via alle \u201cTECH.EMOTION lounge\u201d, una serie di conversazioni pensate con l&#8217;intento di approfondire i temi chiave per l\u2019ecosistema dell\u2019innovazione italiana. Nel nostro primo appuntamento ci siamo collegati in diretta per parlare di Open [&hellip;]","og_url":"https:\/\/www.emotionnetwork.eu\/it\/aperta-internazionale-affamata-di-futuro-linnovazione-che-fa-bene-alla-competitivita-dellitalia-e-delle-sue-imprese\/","og_site_name":"Emotion Network","article_published_time":"2021-12-15T08:49:52+00:00","article_modified_time":"2022-01-25T13:17:12+00:00","og_image":[{"width":1080,"height":700,"url":"https:\/\/www.emotionnetwork.eu\/wp-content\/uploads\/2021\/11\/EN_Enel_Blog.jpg","type":"image\/jpeg"}],"author":"enadmin","twitter_card":"summary_large_image","twitter_misc":{"Scritto da":"enadmin","Tempo di lettura stimato":"4 minuti"},"schema":{"@context":"https:\/\/schema.org","@graph":[{"@type":"Article","@id":"https:\/\/www.emotionnetwork.eu\/it\/aperta-internazionale-affamata-di-futuro-linnovazione-che-fa-bene-alla-competitivita-dellitalia-e-delle-sue-imprese\/#article","isPartOf":{"@id":"https:\/\/www.emotionnetwork.eu\/it\/aperta-internazionale-affamata-di-futuro-linnovazione-che-fa-bene-alla-competitivita-dellitalia-e-delle-sue-imprese\/"},"author":{"name":"enadmin","@id":"https:\/\/www.emotionnetwork.eu\/it\/#\/schema\/person\/5fd6634914c5115d711c10823304423c"},"headline":"Aperta, internazionale, affamata di futuro: l\u2019innovazione che fa bene alla competitivit\u00e0 dell\u2019Italia e delle sue imprese","datePublished":"2021-12-15T08:49:52+00:00","dateModified":"2022-01-25T13:17:12+00:00","mainEntityOfPage":{"@id":"https:\/\/www.emotionnetwork.eu\/it\/aperta-internazionale-affamata-di-futuro-linnovazione-che-fa-bene-alla-competitivita-dellitalia-e-delle-sue-imprese\/"},"wordCount":901,"image":{"@id":"https:\/\/www.emotionnetwork.eu\/it\/aperta-internazionale-affamata-di-futuro-linnovazione-che-fa-bene-alla-competitivita-dellitalia-e-delle-sue-imprese\/#primaryimage"},"thumbnailUrl":"http:\/\/www.emotionnetwork.eu\/wp-content\/uploads\/2021\/11\/EN_Enel_Blog.jpg","articleSection":["News","TECH.EMOTION lounge"],"inLanguage":"it-IT"},{"@type":"WebPage","@id":"https:\/\/www.emotionnetwork.eu\/it\/aperta-internazionale-affamata-di-futuro-linnovazione-che-fa-bene-alla-competitivita-dellitalia-e-delle-sue-imprese\/","url":"https:\/\/www.emotionnetwork.eu\/it\/aperta-internazionale-affamata-di-futuro-linnovazione-che-fa-bene-alla-competitivita-dellitalia-e-delle-sue-imprese\/","name":"Aperta, internazionale, affamata di futuro: l\u2019innovazione che fa bene alla competitivit\u00e0 dell\u2019Italia e delle sue imprese - Emotion Network","isPartOf":{"@id":"https:\/\/www.emotionnetwork.eu\/it\/#website"},"primaryImageOfPage":{"@id":"https:\/\/www.emotionnetwork.eu\/it\/aperta-internazionale-affamata-di-futuro-linnovazione-che-fa-bene-alla-competitivita-dellitalia-e-delle-sue-imprese\/#primaryimage"},"image":{"@id":"https:\/\/www.emotionnetwork.eu\/it\/aperta-internazionale-affamata-di-futuro-linnovazione-che-fa-bene-alla-competitivita-dellitalia-e-delle-sue-imprese\/#primaryimage"},"thumbnailUrl":"http:\/\/www.emotionnetwork.eu\/wp-content\/uploads\/2021\/11\/EN_Enel_Blog.jpg","datePublished":"2021-12-15T08:49:52+00:00","dateModified":"2022-01-25T13:17:12+00:00","author":{"@id":"https:\/\/www.emotionnetwork.eu\/it\/#\/schema\/person\/5fd6634914c5115d711c10823304423c"},"breadcrumb":{"@id":"https:\/\/www.emotionnetwork.eu\/it\/aperta-internazionale-affamata-di-futuro-linnovazione-che-fa-bene-alla-competitivita-dellitalia-e-delle-sue-imprese\/#breadcrumb"},"inLanguage":"it-IT","potentialAction":[{"@type":"ReadAction","target":["https:\/\/www.emotionnetwork.eu\/it\/aperta-internazionale-affamata-di-futuro-linnovazione-che-fa-bene-alla-competitivita-dellitalia-e-delle-sue-imprese\/"]}]},{"@type":"ImageObject","inLanguage":"it-IT","@id":"https:\/\/www.emotionnetwork.eu\/it\/aperta-internazionale-affamata-di-futuro-linnovazione-che-fa-bene-alla-competitivita-dellitalia-e-delle-sue-imprese\/#primaryimage","url":"http:\/\/www.emotionnetwork.eu\/wp-content\/uploads\/2021\/11\/EN_Enel_Blog.jpg","contentUrl":"http:\/\/www.emotionnetwork.eu\/wp-content\/uploads\/2021\/11\/EN_Enel_Blog.jpg","width":1080,"height":700},{"@type":"BreadcrumbList","@id":"https:\/\/www.emotionnetwork.eu\/it\/aperta-internazionale-affamata-di-futuro-linnovazione-che-fa-bene-alla-competitivita-dellitalia-e-delle-sue-imprese\/#breadcrumb","itemListElement":[{"@type":"ListItem","position":1,"name":"Home","item":"https:\/\/www.emotionnetwork.eu\/it\/"},{"@type":"ListItem","position":2,"name":"Aperta, internazionale, affamata di futuro: l\u2019innovazione che fa bene alla competitivit\u00e0 dell\u2019Italia e delle sue imprese"}]},{"@type":"WebSite","@id":"https:\/\/www.emotionnetwork.eu\/it\/#website","url":"https:\/\/www.emotionnetwork.eu\/it\/","name":"Emotion Network","description":"","potentialAction":[{"@type":"SearchAction","target":{"@type":"EntryPoint","urlTemplate":"https:\/\/www.emotionnetwork.eu\/it\/?s={search_term_string}"},"query-input":{"@type":"PropertyValueSpecification","valueRequired":true,"valueName":"search_term_string"}}],"inLanguage":"it-IT"},{"@type":"Person","@id":"https:\/\/www.emotionnetwork.eu\/it\/#\/schema\/person\/5fd6634914c5115d711c10823304423c","name":"enadmin","image":{"@type":"ImageObject","inLanguage":"it-IT","@id":"https:\/\/secure.gravatar.com\/avatar\/0ec5f71a9d0763fb496b64bd13902b47f17cea4a47e688bc9c0f47e20f0ccb2e?s=96&d=mm&r=g","url":"https:\/\/secure.gravatar.com\/avatar\/0ec5f71a9d0763fb496b64bd13902b47f17cea4a47e688bc9c0f47e20f0ccb2e?s=96&d=mm&r=g","contentUrl":"https:\/\/secure.gravatar.com\/avatar\/0ec5f71a9d0763fb496b64bd13902b47f17cea4a47e688bc9c0f47e20f0ccb2e?s=96&d=mm&r=g","caption":"enadmin"},"sameAs":["https:\/\/www.emotionnetwork.eu"]}]}},"_links":{"self":[{"href":"http:\/\/www.emotionnetwork.eu\/it\/wp-json\/wp\/v2\/posts\/1665","targetHints":{"allow":["GET"]}}],"collection":[{"href":"http:\/\/www.emotionnetwork.eu\/it\/wp-json\/wp\/v2\/posts"}],"about":[{"href":"http:\/\/www.emotionnetwork.eu\/it\/wp-json\/wp\/v2\/types\/post"}],"author":[{"embeddable":true,"href":"http:\/\/www.emotionnetwork.eu\/it\/wp-json\/wp\/v2\/users\/1"}],"replies":[{"embeddable":true,"href":"http:\/\/www.emotionnetwork.eu\/it\/wp-json\/wp\/v2\/comments?post=1665"}],"version-history":[{"count":1,"href":"http:\/\/www.emotionnetwork.eu\/it\/wp-json\/wp\/v2\/posts\/1665\/revisions"}],"predecessor-version":[{"id":1666,"href":"http:\/\/www.emotionnetwork.eu\/it\/wp-json\/wp\/v2\/posts\/1665\/revisions\/1666"}],"wp:featuredmedia":[{"embeddable":true,"href":"http:\/\/www.emotionnetwork.eu\/it\/wp-json\/wp\/v2\/media\/1524"}],"wp:attachment":[{"href":"http:\/\/www.emotionnetwork.eu\/it\/wp-json\/wp\/v2\/media?parent=1665"}],"wp:term":[{"taxonomy":"category","embeddable":true,"href":"http:\/\/www.emotionnetwork.eu\/it\/wp-json\/wp\/v2\/categories?post=1665"},{"taxonomy":"post_tag","embeddable":true,"href":"http:\/\/www.emotionnetwork.eu\/it\/wp-json\/wp\/v2\/tags?post=1665"}],"curies":[{"name":"wp","href":"https:\/\/api.w.org\/{rel}","templated":true}]}}